{"id":8080,"date":"2020-11-17T03:39:46","date_gmt":"2020-11-17T03:39:46","guid":{"rendered":"https:\/\/www.flaneurlife.com\/?p=8080"},"modified":"2024-10-01T03:25:06","modified_gmt":"2024-10-01T03:25:06","slug":"frases-sobre-percepcion","status":"publish","type":"post","link":"https:\/\/www.flaneurlife.com\/es\/perception-quotes\/","title":{"rendered":"53 Frases sobre percepci\u00f3n: una colecci\u00f3n de pensamientos sobre c\u00f3mo vemos el mundo"},"content":{"rendered":"<p>Todos vemos el mundo de diferentes maneras. A veces, nuestra visi\u00f3n del mundo est\u00e1 te\u00f1ida por nuestros propios prejuicios o miedos, mientras que otras veces est\u00e1 influenciada por las personas y las cosas que nos rodean. Sin embargo, no importa lo que d\u00e9 forma a nuestra percepci\u00f3n, siempre es fascinante explorar c\u00f3mo los dem\u00e1s ven el mundo. <\/p>\n\n\n\n<p>En esta colecci\u00f3n de citas, encontrar\u00e1s reflexiones sobre todo, desde c\u00f3mo percibimos la belleza hasta c\u00f3mo experimentamos el tiempo. As\u00ed que t\u00f3mese unos minutos para reflexionar sobre estos pensamientos y vea si le provocan nuevas perspectivas. \u00bfQui\u00e9n sabe? Incluso puede empezar a pensar en su <a href=\"https:\/\/www.flaneurlife.com\/es\/diferente-version-de-ti\/\" target=\"_blank\" rel=\"noreferrer noopener\">percepci\u00f3n propia<\/a> bajo una nueva luz.<\/p>\n\n\n\n<h2 id=\"quotes-about-perception-of-the-worldnbsp\" class=\"wp-block-heading\"><strong>Frases sobre percepci\u00f3n del mundo <\/strong><\/h2>\n\n\n\n<blockquote class=\"wp-block-quote is-layout-flow wp-block-quote-is-layout-flow\">\n<p><em>&nbsp;Todo lo que escuchamos es una opini\u00f3n, no un hecho. Todo lo que vemos es una perspectiva, no la verdad.<\/em><\/p>\n<cite>Marco Aurelio&nbsp;<\/cite><\/blockquote>\n\n\n<div class=\"wp-block-image\">\n<figure class=\"aligncenter size-large is-resized\"><img fetchpriority=\"high\" decoding=\"async\" width=\"1000\" height=\"1500\" src=\"https:\/\/d2hu24qj5y9mqn.cloudfront.net\/wp-content\/uploads\/2021\/06\/31152744\/perception-quotes-1.jpg\" alt=\"frases-sobre-percepcion 1\" class=\"wp-image-8767\" style=\"width:390px;height:585px\" title=\"frases-sobre-percepcion 1\" srcset=\"https:\/\/d2hu24qj5y9mqn.cloudfront.net\/wp-content\/uploads\/2021\/06\/31152744\/perception-quotes-1.jpg 1000w, https:\/\/d2hu24qj5y9mqn.cloudfront.net\/wp-content\/uploads\/2021\/06\/31152744\/perception-quotes-1-600x900.jpg 600w, https:\/\/d2hu24qj5y9mqn.cloudfront.net\/wp-content\/uploads\/2021\/06\/31152744\/perception-quotes-1-200x300.jpg 200w, https:\/\/d2hu24qj5y9mqn.cloudfront.net\/wp-content\/uploads\/2021\/06\/31152744\/perception-quotes-1-683x1024.jpg 683w, https:\/\/d2hu24qj5y9mqn.cloudfront.net\/wp-content\/uploads\/2021\/06\/31152744\/perception-quotes-1-768x1152.jpg 768w, https:\/\/d2hu24qj5y9mqn.cloudfront.net\/wp-content\/uploads\/2021\/06\/31152744\/perception-quotes-1-8x12.jpg 8w\" sizes=\"(max-width: 1000px) 100vw, 1000px\" \/><\/figure><\/div>\n\n\n<blockquote class=\"wp-block-quote is-layout-flow wp-block-quote-is-layout-flow\">\n<p><em>La ciencia no es m\u00e1s que percepci\u00f3n.<\/em><\/p>\n<cite>Plato<\/cite><\/blockquote>\n\n\n\n<blockquote class=\"wp-block-quote is-layout-flow wp-block-quote-is-layout-flow\">\n<p><em>Todo nuestro conocimiento tiene su origen en nuestras percepciones.<\/em><\/p>\n<cite>Leonardo da Vinci<\/cite><\/blockquote>\n\n\n\n<blockquote class=\"wp-block-quote is-layout-flow wp-block-quote-is-layout-flow\">\n<p><em>La clave para el crecimiento es la introducci\u00f3n de dimensiones superiores de conciencia en nuestra conciencia.<\/em><\/p>\n<cite>Lao Tzu<\/cite><\/blockquote>\n\n\n\n<blockquote class=\"wp-block-quote is-layout-flow wp-block-quote-is-layout-flow\">\n<p><em>Un tonto no ve el mismo \u00e1rbol que ve un sabio.<\/em><\/p>\n<cite>William Blake<\/cite><\/blockquote>\n\n\n\n<blockquote class=\"wp-block-quote is-layout-flow wp-block-quote-is-layout-flow\">\n<p><em>Todo depende de c\u00f3mo miramos las cosas y no de c\u00f3mo son en s\u00ed mismas.<\/em><\/p>\n<cite>Carl Jung<\/cite><\/blockquote>\n\n\n<div class=\"wp-block-image\">\n<figure class=\"aligncenter size-large is-resized\"><img decoding=\"async\" width=\"1000\" height=\"1500\" src=\"https:\/\/d2hu24qj5y9mqn.cloudfront.net\/wp-content\/uploads\/2021\/06\/31152756\/perception-quotes-2.jpg\" alt=\"frases-sobre-percepcion 2\" class=\"wp-image-8768\" style=\"width:390px;height:585px\" title=\"frases-sobre-percepcion 2\" srcset=\"https:\/\/d2hu24qj5y9mqn.cloudfront.net\/wp-content\/uploads\/2021\/06\/31152756\/perception-quotes-2.jpg 1000w, https:\/\/d2hu24qj5y9mqn.cloudfront.net\/wp-content\/uploads\/2021\/06\/31152756\/perception-quotes-2-600x900.jpg 600w, https:\/\/d2hu24qj5y9mqn.cloudfront.net\/wp-content\/uploads\/2021\/06\/31152756\/perception-quotes-2-200x300.jpg 200w, https:\/\/d2hu24qj5y9mqn.cloudfront.net\/wp-content\/uploads\/2021\/06\/31152756\/perception-quotes-2-683x1024.jpg 683w, https:\/\/d2hu24qj5y9mqn.cloudfront.net\/wp-content\/uploads\/2021\/06\/31152756\/perception-quotes-2-768x1152.jpg 768w, https:\/\/d2hu24qj5y9mqn.cloudfront.net\/wp-content\/uploads\/2021\/06\/31152756\/perception-quotes-2-8x12.jpg 8w\" sizes=\"(max-width: 1000px) 100vw, 1000px\" \/><\/figure><\/div>\n\n\n<blockquote class=\"wp-block-quote is-layout-flow wp-block-quote-is-layout-flow\">\n<p><em>No existe una realidad f\u00edsica fija, ni una percepci\u00f3n \u00fanica del mundo, s\u00f3lo numerosas formas de interpretar las visiones del mundo dictadas por el sistema nervioso de cada uno y el entorno espec\u00edfico de nuestro planeta. <\/em><a href=\"https:\/\/www.flaneurlife.com\/es\/frases-sobre-la-existencia\/\" target=\"_blank\" rel=\"noreferrer noopener\">genuina<\/a><em>.<\/em><\/p>\n<cite>Deepak Chopra<\/cite><\/blockquote>\n\n\n\n<blockquote class=\"wp-block-quote is-layout-flow wp-block-quote-is-layout-flow\">\n<p><em>Aunque vemos el mismo mundo, lo vemos con ojos diferentes.<\/em><\/p>\n<cite>Virginia Woolf<\/cite><\/blockquote>\n\n\n\n<blockquote class=\"wp-block-quote is-layout-flow wp-block-quote-is-layout-flow\">\n<p><em>Todos estamos en la cuneta, pero algunos de nosotros estamos mirando las estrellas.<\/em><\/p>\n<cite>Oscar Wilde<\/cite><\/blockquote>\n\n\n\n<blockquote class=\"wp-block-quote is-layout-flow wp-block-quote-is-layout-flow\">\n<p><em>Lo que importa no es lo que miras, sino lo que ves.<\/em><\/p>\n<cite>Henry David Thoreau<\/cite><\/blockquote>\n\n\n<div class=\"wp-block-image\">\n<figure class=\"aligncenter size-large is-resized\"><img decoding=\"async\" width=\"1000\" height=\"1500\" src=\"https:\/\/d2hu24qj5y9mqn.cloudfront.net\/wp-content\/uploads\/2021\/06\/31152809\/perception-quotes-3.jpg\" alt=\"frases-sobre-percepcion 3\" class=\"wp-image-8769\" style=\"width:390px;height:585px\" title=\"frases-sobre-percepcion 3\" srcset=\"https:\/\/d2hu24qj5y9mqn.cloudfront.net\/wp-content\/uploads\/2021\/06\/31152809\/perception-quotes-3.jpg 1000w, https:\/\/d2hu24qj5y9mqn.cloudfront.net\/wp-content\/uploads\/2021\/06\/31152809\/perception-quotes-3-600x900.jpg 600w, https:\/\/d2hu24qj5y9mqn.cloudfront.net\/wp-content\/uploads\/2021\/06\/31152809\/perception-quotes-3-200x300.jpg 200w, https:\/\/d2hu24qj5y9mqn.cloudfront.net\/wp-content\/uploads\/2021\/06\/31152809\/perception-quotes-3-683x1024.jpg 683w, https:\/\/d2hu24qj5y9mqn.cloudfront.net\/wp-content\/uploads\/2021\/06\/31152809\/perception-quotes-3-768x1152.jpg 768w, https:\/\/d2hu24qj5y9mqn.cloudfront.net\/wp-content\/uploads\/2021\/06\/31152809\/perception-quotes-3-8x12.jpg 8w\" sizes=\"(max-width: 1000px) 100vw, 1000px\" \/><\/figure><\/div>\n\n\n<blockquote class=\"wp-block-quote is-layout-flow wp-block-quote-is-layout-flow\">\n<p><em>La realidad de la vida es que tus percepciones (correctas o incorrectas) <\/em><a href=\"https:\/\/www.flaneurlife.com\/es\/frases-sobre-la-influencia\/\" target=\"_blank\" rel=\"noreferrer noopener\">influencia<\/a><em> todo lo dem\u00e1s que haces. Cuando obtenga una perspectiva adecuada de sus percepciones, se sorprender\u00e1 de cu\u00e1ntas otras cosas encajan.<\/em><\/p>\n<cite>Roger Birkman<\/cite><\/blockquote>\n\n\n\n<blockquote class=\"wp-block-quote is-layout-flow wp-block-quote-is-layout-flow\">\n<p><em>Uno no s\u00f3lo tiene la capacidad de percibir el mundo sino tambi\u00e9n la capacidad de alterar la percepci\u00f3n que uno tiene del mismo; M\u00e1s simplemente, uno puede cambiar las cosas por la manera en que las mira.<\/em><\/p>\n<cite>Tom Robbins<\/cite><\/blockquote>\n\n\n\n<blockquote class=\"wp-block-quote is-layout-flow wp-block-quote-is-layout-flow\">\n<p><em>El valor \u00faltimo de la vida depende de la conciencia y el poder de la contemplaci\u00f3n m\u00e1s que de la mera supervivencia.<\/em><\/p>\n<cite>Arist\u00f3teles<\/cite><\/blockquote>\n\n\n\n<blockquote class=\"wp-block-quote is-layout-flow wp-block-quote-is-layout-flow\">\n<p><em>No podemos elegir nuestras circunstancias externas, pero siempre podemos elegir c\u00f3mo respondemos a ellas.<\/em><\/p>\n<cite>Epicteto<\/cite><\/blockquote>\n\n\n<div class=\"wp-block-image\">\n<figure class=\"aligncenter size-large is-resized\"><img loading=\"lazy\" decoding=\"async\" width=\"1000\" height=\"1500\" src=\"https:\/\/d2hu24qj5y9mqn.cloudfront.net\/wp-content\/uploads\/2021\/06\/31152940\/perception-quotes-4.jpg\" alt=\"frases-sobre-percepcion 4\" class=\"wp-image-8770\" style=\"width:390px;height:585px\" title=\"frases-sobre-percepcion 4\" srcset=\"https:\/\/d2hu24qj5y9mqn.cloudfront.net\/wp-content\/uploads\/2021\/06\/31152940\/perception-quotes-4.jpg 1000w, https:\/\/d2hu24qj5y9mqn.cloudfront.net\/wp-content\/uploads\/2021\/06\/31152940\/perception-quotes-4-600x900.jpg 600w, https:\/\/d2hu24qj5y9mqn.cloudfront.net\/wp-content\/uploads\/2021\/06\/31152940\/perception-quotes-4-200x300.jpg 200w, https:\/\/d2hu24qj5y9mqn.cloudfront.net\/wp-content\/uploads\/2021\/06\/31152940\/perception-quotes-4-683x1024.jpg 683w, https:\/\/d2hu24qj5y9mqn.cloudfront.net\/wp-content\/uploads\/2021\/06\/31152940\/perception-quotes-4-768x1152.jpg 768w, https:\/\/d2hu24qj5y9mqn.cloudfront.net\/wp-content\/uploads\/2021\/06\/31152940\/perception-quotes-4-8x12.jpg 8w\" sizes=\"(max-width: 1000px) 100vw, 1000px\" \/><\/figure><\/div>\n\n\n<blockquote class=\"wp-block-quote is-layout-flow wp-block-quote-is-layout-flow\">\n<p><em>Quiz\u00e1s cada ser humano viva en un mundo \u00fanico, un mundo privado diferente de los habitados y experimentados por todos los dem\u00e1s humanos... Si la realidad difiere de persona a persona, \u00bfpodemos hablar de realidad singular, o no deber\u00edamos hablar realmente de realidades plurales? ?<\/em><\/p>\n<cite>Philip K. Dick<\/cite><\/blockquote>\n\n\n\n<blockquote class=\"wp-block-quote is-layout-flow wp-block-quote-is-layout-flow\">\n<p><em>No hay dos personas que vean el mundo exterior exactamente de la misma manera. Para cada persona una cosa es lo que piensa que es; en otras palabras, no una cosa, sino un pensamiento.<\/em><\/p>\n<cite>Pen\u00e9lope Fitzgerald<\/cite><\/blockquote>\n\n\n\n<blockquote class=\"wp-block-quote is-layout-flow wp-block-quote-is-layout-flow\">\n<p><em>El ojo ve s\u00f3lo lo que la mente est\u00e1 preparada para comprender.<\/em><\/p>\n<cite>Robertson Davies<\/cite><\/blockquote>\n\n\n\n<blockquote class=\"wp-block-quote is-layout-flow wp-block-quote-is-layout-flow\">\n<p><em>La percepci\u00f3n es un espejo, no un hecho. Y lo que miro es mi estado de \u00e1nimo, reflejado hacia afuera.<\/em><\/p>\n<cite>Ralph Waldo Emerson<\/cite><\/blockquote>\n\n\n<div class=\"wp-block-image\">\n<figure class=\"aligncenter size-large is-resized\"><img loading=\"lazy\" decoding=\"async\" width=\"1000\" height=\"1500\" src=\"https:\/\/d2hu24qj5y9mqn.cloudfront.net\/wp-content\/uploads\/2021\/06\/31153007\/perception-quotes-5.jpg\" alt=\"frases-sobre-percepcion 5\" class=\"wp-image-8771\" style=\"width:390px;height:585px\" title=\"frases-sobre-percepcion 5\" srcset=\"https:\/\/d2hu24qj5y9mqn.cloudfront.net\/wp-content\/uploads\/2021\/06\/31153007\/perception-quotes-5.jpg 1000w, https:\/\/d2hu24qj5y9mqn.cloudfront.net\/wp-content\/uploads\/2021\/06\/31153007\/perception-quotes-5-600x900.jpg 600w, https:\/\/d2hu24qj5y9mqn.cloudfront.net\/wp-content\/uploads\/2021\/06\/31153007\/perception-quotes-5-200x300.jpg 200w, https:\/\/d2hu24qj5y9mqn.cloudfront.net\/wp-content\/uploads\/2021\/06\/31153007\/perception-quotes-5-683x1024.jpg 683w, https:\/\/d2hu24qj5y9mqn.cloudfront.net\/wp-content\/uploads\/2021\/06\/31153007\/perception-quotes-5-768x1152.jpg 768w, https:\/\/d2hu24qj5y9mqn.cloudfront.net\/wp-content\/uploads\/2021\/06\/31153007\/perception-quotes-5-8x12.jpg 8w\" sizes=\"(max-width: 1000px) 100vw, 1000px\" \/><\/figure><\/div>\n\n\n<blockquote class=\"wp-block-quote is-layout-flow wp-block-quote-is-layout-flow\">\n<p><em>El objetivo es aumentar la percepci\u00f3n: ser m\u00e1s consciente de c\u00f3mo ves, no s\u00f3lo de lo que ves.<\/em><\/p>\n<cite>Michael Kimmelman<\/cite><\/blockquote>\n\n\n\n<blockquote class=\"wp-block-quote is-layout-flow wp-block-quote-is-layout-flow\">\n<p><em>Nuestra vida no est\u00e1 tan amenazada como nuestra percepci\u00f3n. Como fantasmas nos deslizamos por la naturaleza y no deber\u00edamos volver a conocer nuestro lugar.<\/em><\/p>\n<cite>Ralph Waldo Emerson<\/cite><\/blockquote>\n\n\n\n<blockquote class=\"wp-block-quote is-layout-flow wp-block-quote-is-layout-flow\">\n<p><em>Sin embargo, no hay nada m\u00e1s peligroso que ser prematuro a la hora de explotar un cambio de percepci\u00f3n.<\/em><\/p>\n<cite>Peter Drucker<\/cite><\/blockquote>\n\n\n\n<blockquote class=\"wp-block-quote is-layout-flow wp-block-quote-is-layout-flow\">\n<p><em>Toda percepci\u00f3n est\u00e1 coloreada por la emoci\u00f3n.<\/em><\/p>\n<cite>Immanuel Kant<\/cite><\/blockquote>\n\n\n<div class=\"wp-block-image\">\n<figure class=\"aligncenter size-large is-resized\"><img loading=\"lazy\" decoding=\"async\" width=\"1000\" height=\"1500\" src=\"https:\/\/d2hu24qj5y9mqn.cloudfront.net\/wp-content\/uploads\/2021\/06\/31153019\/perception-quotes-6.jpg\" alt=\"frases-sobre-percepcion 6\" class=\"wp-image-8772\" style=\"width:390px;height:585px\" title=\"frases-sobre-percepcion 6\" srcset=\"https:\/\/d2hu24qj5y9mqn.cloudfront.net\/wp-content\/uploads\/2021\/06\/31153019\/perception-quotes-6.jpg 1000w, https:\/\/d2hu24qj5y9mqn.cloudfront.net\/wp-content\/uploads\/2021\/06\/31153019\/perception-quotes-6-600x900.jpg 600w, https:\/\/d2hu24qj5y9mqn.cloudfront.net\/wp-content\/uploads\/2021\/06\/31153019\/perception-quotes-6-200x300.jpg 200w, https:\/\/d2hu24qj5y9mqn.cloudfront.net\/wp-content\/uploads\/2021\/06\/31153019\/perception-quotes-6-683x1024.jpg 683w, https:\/\/d2hu24qj5y9mqn.cloudfront.net\/wp-content\/uploads\/2021\/06\/31153019\/perception-quotes-6-768x1152.jpg 768w, https:\/\/d2hu24qj5y9mqn.cloudfront.net\/wp-content\/uploads\/2021\/06\/31153019\/perception-quotes-6-8x12.jpg 8w\" sizes=\"(max-width: 1000px) 100vw, 1000px\" \/><\/figure><\/div>\n\n\n<blockquote class=\"wp-block-quote is-layout-flow wp-block-quote-is-layout-flow\">\n<p><em>Cada uno de nosotros tendemos a pensar que vemos las cosas como son, que somos objetivos. Pero este no es el caso. Vemos el mundo, no como es, sino como somos, o como estamos condicionados a verlo.<\/em><\/p>\n<cite>Stephen Covey&nbsp;<\/cite><\/blockquote>\n\n\n\n<h2 id=\"quotes-about-perception-and-reality\" class=\"wp-block-heading\"><strong>Frases sobre percepci\u00f3n y la realidad<\/strong><\/h2>\n\n\n\n<blockquote class=\"wp-block-quote is-layout-flow wp-block-quote-is-layout-flow\">\n<p><em>La percepci\u00f3n es la realidad, pero puede que no sea la realidad, y tienes que ser capaz de mantener la diferencia entre eso.<\/em><\/p>\n<cite>Bill Cowher<\/cite><\/blockquote>\n\n\n\n<blockquote class=\"wp-block-quote is-layout-flow wp-block-quote-is-layout-flow\">\n<p><em>Si se limpiaran las puertas de la percepci\u00f3n, todo le parecer\u00eda al hombre tal como es, infinito.<\/em><\/p>\n<cite>William Blake<\/cite><\/blockquote>\n\n\n<div class=\"wp-block-image\">\n<figure class=\"aligncenter size-large is-resized\"><img loading=\"lazy\" decoding=\"async\" width=\"1000\" height=\"1500\" src=\"https:\/\/d2hu24qj5y9mqn.cloudfront.net\/wp-content\/uploads\/2021\/06\/31153036\/perception-quotes-7.jpg\" alt=\"frases-sobre-percepcion 7\" class=\"wp-image-8773\" style=\"width:390px;height:585px\" title=\"frases-sobre-percepcion 7\" srcset=\"https:\/\/d2hu24qj5y9mqn.cloudfront.net\/wp-content\/uploads\/2021\/06\/31153036\/perception-quotes-7.jpg 1000w, https:\/\/d2hu24qj5y9mqn.cloudfront.net\/wp-content\/uploads\/2021\/06\/31153036\/perception-quotes-7-600x900.jpg 600w, https:\/\/d2hu24qj5y9mqn.cloudfront.net\/wp-content\/uploads\/2021\/06\/31153036\/perception-quotes-7-200x300.jpg 200w, https:\/\/d2hu24qj5y9mqn.cloudfront.net\/wp-content\/uploads\/2021\/06\/31153036\/perception-quotes-7-683x1024.jpg 683w, https:\/\/d2hu24qj5y9mqn.cloudfront.net\/wp-content\/uploads\/2021\/06\/31153036\/perception-quotes-7-768x1152.jpg 768w, https:\/\/d2hu24qj5y9mqn.cloudfront.net\/wp-content\/uploads\/2021\/06\/31153036\/perception-quotes-7-8x12.jpg 8w\" sizes=\"(max-width: 1000px) 100vw, 1000px\" \/><\/figure><\/div>\n\n\n<blockquote class=\"wp-block-quote is-layout-flow wp-block-quote-is-layout-flow\">\n<p><em>La realidad es, en \u00faltima instancia, un acto selectivo de percepci\u00f3n e interpretaci\u00f3n. Un cambio en nuestra percepci\u00f3n e interpretaci\u00f3n nos permite superar lo viejo <\/em>h\u00e1bitos<em> y despertar nuevas posibilidades de equilibrio, curaci\u00f3n y transformaci\u00f3n.<\/em><\/p>\n<cite>David Sim\u00f3n<\/cite><\/blockquote>\n\n\n\n<blockquote class=\"wp-block-quote is-layout-flow wp-block-quote-is-layout-flow\">\n<p><em>Hay cosas conocidas y cosas desconocidas, y en medio est\u00e1n las puertas de la percepci\u00f3n.<\/em><\/p>\n<cite>Aldous Huxley<\/cite><\/blockquote>\n\n\n<div class=\"wp-block-image\">\n<figure class=\"aligncenter size-large is-resized\"><img loading=\"lazy\" decoding=\"async\" width=\"1000\" height=\"1500\" src=\"https:\/\/d2hu24qj5y9mqn.cloudfront.net\/wp-content\/uploads\/2021\/06\/31153047\/perception-quotes-8.jpg\" alt=\"frases-sobre-percepcion 8\" class=\"wp-image-8774\" style=\"width:390px;height:585px\" title=\"frases-sobre-percepcion 8\" srcset=\"https:\/\/d2hu24qj5y9mqn.cloudfront.net\/wp-content\/uploads\/2021\/06\/31153047\/perception-quotes-8.jpg 1000w, https:\/\/d2hu24qj5y9mqn.cloudfront.net\/wp-content\/uploads\/2021\/06\/31153047\/perception-quotes-8-600x900.jpg 600w, https:\/\/d2hu24qj5y9mqn.cloudfront.net\/wp-content\/uploads\/2021\/06\/31153047\/perception-quotes-8-200x300.jpg 200w, https:\/\/d2hu24qj5y9mqn.cloudfront.net\/wp-content\/uploads\/2021\/06\/31153047\/perception-quotes-8-683x1024.jpg 683w, https:\/\/d2hu24qj5y9mqn.cloudfront.net\/wp-content\/uploads\/2021\/06\/31153047\/perception-quotes-8-768x1152.jpg 768w, https:\/\/d2hu24qj5y9mqn.cloudfront.net\/wp-content\/uploads\/2021\/06\/31153047\/perception-quotes-8-8x12.jpg 8w\" sizes=\"(max-width: 1000px) 100vw, 1000px\" \/><\/figure><\/div>\n\n\n<blockquote class=\"wp-block-quote is-layout-flow wp-block-quote-is-layout-flow\">\n<p><em>La realidad se basa en la percepci\u00f3n.<\/em><\/p>\n<cite>Geoff Thompson<\/cite><\/blockquote>\n\n\n\n<blockquote class=\"wp-block-quote is-layout-flow wp-block-quote-is-layout-flow\">\n<p><em>La percepci\u00f3n es real incluso cuando no es la realidad.<\/em><\/p>\n<cite>Edward de Bono<\/cite><\/blockquote>\n\n\n\n<blockquote class=\"wp-block-quote is-layout-flow wp-block-quote-is-layout-flow\">\n<p><em>La percepci\u00f3n precede a la realidad.<\/em><\/p>\n<cite>Andy Warhol<\/cite><\/blockquote>\n\n\n<div class=\"wp-block-image\">\n<figure class=\"aligncenter size-large is-resized\"><img loading=\"lazy\" decoding=\"async\" width=\"1000\" height=\"1500\" src=\"https:\/\/d2hu24qj5y9mqn.cloudfront.net\/wp-content\/uploads\/2021\/06\/31153102\/perception-quotes-9.jpg\" alt=\"frases-sobre-percepcion 9\" class=\"wp-image-8775\" style=\"width:390px;height:585px\" title=\"frases-sobre-percepcion 9\" srcset=\"https:\/\/d2hu24qj5y9mqn.cloudfront.net\/wp-content\/uploads\/2021\/06\/31153102\/perception-quotes-9.jpg 1000w, https:\/\/d2hu24qj5y9mqn.cloudfront.net\/wp-content\/uploads\/2021\/06\/31153102\/perception-quotes-9-600x900.jpg 600w, https:\/\/d2hu24qj5y9mqn.cloudfront.net\/wp-content\/uploads\/2021\/06\/31153102\/perception-quotes-9-200x300.jpg 200w, https:\/\/d2hu24qj5y9mqn.cloudfront.net\/wp-content\/uploads\/2021\/06\/31153102\/perception-quotes-9-683x1024.jpg 683w, https:\/\/d2hu24qj5y9mqn.cloudfront.net\/wp-content\/uploads\/2021\/06\/31153102\/perception-quotes-9-768x1152.jpg 768w, https:\/\/d2hu24qj5y9mqn.cloudfront.net\/wp-content\/uploads\/2021\/06\/31153102\/perception-quotes-9-8x12.jpg 8w\" sizes=\"(max-width: 1000px) 100vw, 1000px\" \/><\/figure><\/div>\n\n\n<blockquote class=\"wp-block-quote is-layout-flow wp-block-quote-is-layout-flow\">\n<p><em>La percepci\u00f3n es meramente realidad filtrada a trav\u00e9s del prisma de tu alma.<\/em><\/p>\n<cite>Christopher A. Ray<\/cite><\/blockquote>\n\n\n\n<blockquote class=\"wp-block-quote is-layout-flow wp-block-quote-is-layout-flow\">\n<p><em>Es evidente que la percepci\u00f3n es un proceso activo m\u00e1s que pasivo; construye m\u00e1s que registra la &quot;realidad&quot;.<\/em><\/p>\n<cite>Michael Michalko<\/cite><\/blockquote>\n\n\n\n<h2 id=\"quotes-about-perception-of-self\" class=\"wp-block-heading\"><strong>Frases sobre percepci\u00f3n de uno mismo<\/strong><\/h2>\n\n\n\n<blockquote class=\"wp-block-quote is-layout-flow wp-block-quote-is-layout-flow\">\n<p><em>El momento en que cambias tu percepci\u00f3n es el momento en que reescribes la qu\u00edmica de tu cuerpo.<\/em><\/p>\n<cite>Dr. Bruce Lipton<\/cite><\/blockquote>\n\n\n\n<blockquote class=\"wp-block-quote is-layout-flow wp-block-quote-is-layout-flow\">\n<p><em>No debemos permitir que las percepciones de otras personas nos definan.<\/em><\/p>\n<cite>Virginia Satir<\/cite><\/blockquote>\n\n\n\n<blockquote class=\"wp-block-quote is-layout-flow wp-block-quote-is-layout-flow\">\n<p><em>Lo que se necesita para cambiar a una persona es cambiar la conciencia de s\u00ed mismo.<\/em><\/p>\n<cite>Abraham Maslow<\/cite><\/blockquote>\n\n\n<div class=\"wp-block-image\">\n<figure class=\"aligncenter size-large is-resized\"><img loading=\"lazy\" decoding=\"async\" width=\"1000\" height=\"1500\" src=\"https:\/\/d2hu24qj5y9mqn.cloudfront.net\/wp-content\/uploads\/2021\/06\/31153524\/perception-quotes-11.jpg\" alt=\"frases-sobre-percepcion 10\" class=\"wp-image-8777\" style=\"width:390px;height:585px\" title=\"frases-sobre-percepcion 10\" srcset=\"https:\/\/d2hu24qj5y9mqn.cloudfront.net\/wp-content\/uploads\/2021\/06\/31153524\/perception-quotes-11.jpg 1000w, https:\/\/d2hu24qj5y9mqn.cloudfront.net\/wp-content\/uploads\/2021\/06\/31153524\/perception-quotes-11-600x900.jpg 600w, https:\/\/d2hu24qj5y9mqn.cloudfront.net\/wp-content\/uploads\/2021\/06\/31153524\/perception-quotes-11-200x300.jpg 200w, https:\/\/d2hu24qj5y9mqn.cloudfront.net\/wp-content\/uploads\/2021\/06\/31153524\/perception-quotes-11-683x1024.jpg 683w, https:\/\/d2hu24qj5y9mqn.cloudfront.net\/wp-content\/uploads\/2021\/06\/31153524\/perception-quotes-11-768x1152.jpg 768w, https:\/\/d2hu24qj5y9mqn.cloudfront.net\/wp-content\/uploads\/2021\/06\/31153524\/perception-quotes-11-8x12.jpg 8w\" sizes=\"(max-width: 1000px) 100vw, 1000px\" \/><\/figure><\/div>\n\n\n<blockquote class=\"wp-block-quote is-layout-flow wp-block-quote-is-layout-flow\">\n<p><em>la percepci\u00f3n de <\/em><a href=\"https:\/\/www.flaneurlife.com\/es\/encontrar-tu-identidad\/\" target=\"_blank\" rel=\"noreferrer noopener\">identidad<\/a><em> est\u00e1 tan \u00edntimamente ligado a la percepci\u00f3n de la forma humana.<\/em><\/p>\n<cite><em>David Hanson<\/em><\/cite><\/blockquote>\n\n\n\n<blockquote class=\"wp-block-quote is-layout-flow wp-block-quote-is-layout-flow\">\n<p><em>Haz lo que sabes y la percepci\u00f3n se convierte en car\u00e1cter.<\/em><\/p>\n<cite>Ralph Waldo Emerson<\/cite><\/blockquote>\n\n\n\n<blockquote class=\"wp-block-quote is-layout-flow wp-block-quote-is-layout-flow\">\n<p><em>Como uno cree en uno mismo, no intenta convencer a los dem\u00e1s. Como uno est\u00e1 contento consigo mismo, no necesita la aprobaci\u00f3n de los dem\u00e1s. Porque uno se acepta a s\u00ed mismo, el mundo entero lo acepta.<\/em><\/p>\n<cite>Lao Tzu<\/cite><\/blockquote>\n\n\n<div class=\"wp-block-image\">\n<figure class=\"aligncenter size-large is-resized\"><img loading=\"lazy\" decoding=\"async\" width=\"1000\" height=\"1500\" src=\"https:\/\/d2hu24qj5y9mqn.cloudfront.net\/wp-content\/uploads\/2021\/06\/31153312\/perception-quotes-10.jpg\" alt=\"frases-sobre-percepcion 11\" class=\"wp-image-8776\" style=\"width:390px;height:585px\" title=\"frases-sobre-percepcion 11\" srcset=\"https:\/\/d2hu24qj5y9mqn.cloudfront.net\/wp-content\/uploads\/2021\/06\/31153312\/perception-quotes-10.jpg 1000w, https:\/\/d2hu24qj5y9mqn.cloudfront.net\/wp-content\/uploads\/2021\/06\/31153312\/perception-quotes-10-600x900.jpg 600w, https:\/\/d2hu24qj5y9mqn.cloudfront.net\/wp-content\/uploads\/2021\/06\/31153312\/perception-quotes-10-200x300.jpg 200w, https:\/\/d2hu24qj5y9mqn.cloudfront.net\/wp-content\/uploads\/2021\/06\/31153312\/perception-quotes-10-683x1024.jpg 683w, https:\/\/d2hu24qj5y9mqn.cloudfront.net\/wp-content\/uploads\/2021\/06\/31153312\/perception-quotes-10-768x1152.jpg 768w, https:\/\/d2hu24qj5y9mqn.cloudfront.net\/wp-content\/uploads\/2021\/06\/31153312\/perception-quotes-10-8x12.jpg 8w\" sizes=\"(max-width: 1000px) 100vw, 1000px\" \/><\/figure><\/div>\n\n\n<blockquote class=\"wp-block-quote is-layout-flow wp-block-quote-is-layout-flow\">\n<p><em>Ser consciente de un solo defecto en uno mismo es m\u00e1s \u00fatil que ser consciente de mil en otra persona.<\/em><\/p>\n<cite>Dalai Lama<\/cite><\/blockquote>\n\n\n\n<blockquote class=\"wp-block-quote is-layout-flow wp-block-quote-is-layout-flow\">\n<p><em>La gente rara vez cambia. S\u00f3lo sus m\u00e1scaras lo hacen. Lo \u00fanico que realmente cambia es nuestra percepci\u00f3n de ellos y la percepci\u00f3n que ellos tienen de s\u00ed mismos.<\/em><\/p>\n<cite>Shannon L. Alder<\/cite><\/blockquote>\n\n\n\n<h2 id=\"quotes-about-perception-of-others\" class=\"wp-block-heading\"><strong><br><\/strong><strong>Frases sobre percepci\u00f3n de los dem\u00e1s<\/strong><\/h2>\n\n\n\n<blockquote class=\"wp-block-quote is-layout-flow wp-block-quote-is-layout-flow\">\n<p><em>Nadie ve a nadie verdaderamente sino a trav\u00e9s de los defectos de sus propios egos. As\u00ed es como nos vemos todos en la vida.<\/em><\/p>\n<cite>Tennessee Williams<\/cite><\/blockquote>\n\n\n\n<blockquote class=\"wp-block-quote is-layout-flow wp-block-quote-is-layout-flow\">\n<p><em>Ning\u00fan hombre tiene derecho a dictar lo que otros hombres deben percibir, crear o producir, pero todos deben ser alentados a revelarse a s\u00ed mismos, sus percepciones y emociones, y a generar confianza en el esp\u00edritu creativo.<\/em><\/p>\n<cite>Ansel Adams<\/cite><\/blockquote>\n\n\n\n<blockquote class=\"wp-block-quote is-layout-flow wp-block-quote-is-layout-flow\">\n<p><em>Todo lo que nos irrita de los dem\u00e1s puede llevarnos a una comprensi\u00f3n de nosotros mismos.<\/em><\/p>\n<cite>Carl Jung<\/cite><\/blockquote>\n\n\n<div class=\"wp-block-image\">\n<figure class=\"aligncenter size-large is-resized\"><img loading=\"lazy\" decoding=\"async\" width=\"1000\" height=\"1500\" src=\"https:\/\/d2hu24qj5y9mqn.cloudfront.net\/wp-content\/uploads\/2021\/06\/31153744\/perception-quotes-12.jpg\" alt=\"frases-sobre-percepcion 12\" class=\"wp-image-8778\" style=\"width:390px;height:585px\" title=\"frases-sobre-percepcion 12\" srcset=\"https:\/\/d2hu24qj5y9mqn.cloudfront.net\/wp-content\/uploads\/2021\/06\/31153744\/perception-quotes-12.jpg 1000w, https:\/\/d2hu24qj5y9mqn.cloudfront.net\/wp-content\/uploads\/2021\/06\/31153744\/perception-quotes-12-600x900.jpg 600w, https:\/\/d2hu24qj5y9mqn.cloudfront.net\/wp-content\/uploads\/2021\/06\/31153744\/perception-quotes-12-200x300.jpg 200w, https:\/\/d2hu24qj5y9mqn.cloudfront.net\/wp-content\/uploads\/2021\/06\/31153744\/perception-quotes-12-683x1024.jpg 683w, https:\/\/d2hu24qj5y9mqn.cloudfront.net\/wp-content\/uploads\/2021\/06\/31153744\/perception-quotes-12-768x1152.jpg 768w, https:\/\/d2hu24qj5y9mqn.cloudfront.net\/wp-content\/uploads\/2021\/06\/31153744\/perception-quotes-12-8x12.jpg 8w\" sizes=\"(max-width: 1000px) 100vw, 1000px\" \/><\/figure><\/div>\n\n\n<blockquote class=\"wp-block-quote is-layout-flow wp-block-quote-is-layout-flow\">\n<p><em>Cada persona tiene una visi\u00f3n diferente de la imagen de otra. Eso es todo percepci\u00f3n. El car\u00e1cter de un hombre, la integridad, eso es lo que eres.<\/em><\/p>\n<cite>Steve Alford<\/cite><\/blockquote>\n\n\n\n<blockquote class=\"wp-block-quote is-layout-flow wp-block-quote-is-layout-flow\">\n<p><em>Percepci\u00f3n es realidad. Si te perciben como algo, bien podr\u00edas serlo porque esa es la verdad en la mente de las personas.<\/em><\/p>\n<cite>Steve Young<\/cite><\/blockquote>\n\n\n\n<h2 id=\"quotes-about-perception-and-truth\" class=\"wp-block-heading\"><strong>Frases sobre la percepci\u00f3n y la verdad<\/strong><\/h2>\n\n\n\n<blockquote class=\"wp-block-quote is-layout-flow wp-block-quote-is-layout-flow\">\n<p><em>Todas las cosas est\u00e1n sujetas a interpretaci\u00f3n. Cualquiera que sea la interpretaci\u00f3n que prevalezca en un momento dado, es una funci\u00f3n del poder y no de la verdad.<\/em><\/p>\n<cite>Friedrich Nietzsche<\/cite><\/blockquote>\n\n\n<div class=\"wp-block-image\">\n<figure class=\"aligncenter size-large is-resized\"><img loading=\"lazy\" decoding=\"async\" width=\"1000\" height=\"1500\" src=\"https:\/\/d2hu24qj5y9mqn.cloudfront.net\/wp-content\/uploads\/2021\/06\/31153755\/perception-quotes-13.jpg\" alt=\"frases-sobre-percepcion 13\" class=\"wp-image-8779\" style=\"width:390px;height:585px\" title=\"frases-sobre-percepcion 13\" srcset=\"https:\/\/d2hu24qj5y9mqn.cloudfront.net\/wp-content\/uploads\/2021\/06\/31153755\/perception-quotes-13.jpg 1000w, https:\/\/d2hu24qj5y9mqn.cloudfront.net\/wp-content\/uploads\/2021\/06\/31153755\/perception-quotes-13-600x900.jpg 600w, https:\/\/d2hu24qj5y9mqn.cloudfront.net\/wp-content\/uploads\/2021\/06\/31153755\/perception-quotes-13-200x300.jpg 200w, https:\/\/d2hu24qj5y9mqn.cloudfront.net\/wp-content\/uploads\/2021\/06\/31153755\/perception-quotes-13-683x1024.jpg 683w, https:\/\/d2hu24qj5y9mqn.cloudfront.net\/wp-content\/uploads\/2021\/06\/31153755\/perception-quotes-13-768x1152.jpg 768w, https:\/\/d2hu24qj5y9mqn.cloudfront.net\/wp-content\/uploads\/2021\/06\/31153755\/perception-quotes-13-8x12.jpg 8w\" sizes=\"(max-width: 1000px) 100vw, 1000px\" \/><\/figure><\/div>\n\n\n<blockquote class=\"wp-block-quote is-layout-flow wp-block-quote-is-layout-flow\">\n<p><em>No hay verdad. S\u00f3lo hay percepci\u00f3n.<\/em><\/p>\n<cite>Gustave Flaubert<\/cite><\/blockquote>\n\n\n\n<blockquote class=\"wp-block-quote is-layout-flow wp-block-quote-is-layout-flow\">\n<p><em>La gente ve lo que quiere ver y lo que la gente quiere ver no siempre es la verdad.<\/em><\/p>\n<cite>Roberto Bolano<\/cite><\/blockquote>\n\n\n\n<blockquote class=\"wp-block-quote is-layout-flow wp-block-quote-is-layout-flow\">\n<p><em>Toda percepci\u00f3n de la verdad es la detecci\u00f3n de una analog\u00eda.<\/em><\/p>\n<cite>Henry David Thoreau<\/cite><\/blockquote>\n\n\n<div class=\"wp-block-image\">\n<figure class=\"aligncenter size-large is-resized\"><img loading=\"lazy\" decoding=\"async\" width=\"1000\" height=\"1500\" src=\"https:\/\/d2hu24qj5y9mqn.cloudfront.net\/wp-content\/uploads\/2021\/06\/31153804\/perception-quotes-14.jpg\" alt=\"frases-sobre-percepcion 14\" class=\"wp-image-8780\" style=\"width:390px;height:585px\" title=\"frases-sobre-percepcion 14\" srcset=\"https:\/\/d2hu24qj5y9mqn.cloudfront.net\/wp-content\/uploads\/2021\/06\/31153804\/perception-quotes-14.jpg 1000w, https:\/\/d2hu24qj5y9mqn.cloudfront.net\/wp-content\/uploads\/2021\/06\/31153804\/perception-quotes-14-600x900.jpg 600w, https:\/\/d2hu24qj5y9mqn.cloudfront.net\/wp-content\/uploads\/2021\/06\/31153804\/perception-quotes-14-200x300.jpg 200w, https:\/\/d2hu24qj5y9mqn.cloudfront.net\/wp-content\/uploads\/2021\/06\/31153804\/perception-quotes-14-683x1024.jpg 683w, https:\/\/d2hu24qj5y9mqn.cloudfront.net\/wp-content\/uploads\/2021\/06\/31153804\/perception-quotes-14-768x1152.jpg 768w, https:\/\/d2hu24qj5y9mqn.cloudfront.net\/wp-content\/uploads\/2021\/06\/31153804\/perception-quotes-14-8x12.jpg 8w\" sizes=\"(max-width: 1000px) 100vw, 1000px\" \/><\/figure><\/div>\n\n\n<h2 id=\"quotes-about-perception-of-beauty-and-art\" class=\"wp-block-heading\"><strong>Frases sobre percepci\u00f3n de la belleza y el arte<\/strong><\/h2>\n\n\n\n<blockquote class=\"wp-block-quote is-layout-flow wp-block-quote-is-layout-flow\">\n<p><em>La percepci\u00f3n de la belleza es una prueba moral.<\/em><\/p>\n<cite>Henry David Thoreau<\/cite><\/blockquote>\n\n\n<div class=\"wp-block-image\">\n<figure class=\"aligncenter size-large is-resized\"><img loading=\"lazy\" decoding=\"async\" width=\"1000\" height=\"1500\" src=\"https:\/\/d2hu24qj5y9mqn.cloudfront.net\/wp-content\/uploads\/2021\/06\/31154055\/perception-quotes-15.jpg\" alt=\"frases-sobre-percepcion 15\" class=\"wp-image-8781\" style=\"width:390px;height:585px\" title=\"frases-sobre-percepcion 15\" srcset=\"https:\/\/d2hu24qj5y9mqn.cloudfront.net\/wp-content\/uploads\/2021\/06\/31154055\/perception-quotes-15.jpg 1000w, https:\/\/d2hu24qj5y9mqn.cloudfront.net\/wp-content\/uploads\/2021\/06\/31154055\/perception-quotes-15-600x900.jpg 600w, https:\/\/d2hu24qj5y9mqn.cloudfront.net\/wp-content\/uploads\/2021\/06\/31154055\/perception-quotes-15-200x300.jpg 200w, https:\/\/d2hu24qj5y9mqn.cloudfront.net\/wp-content\/uploads\/2021\/06\/31154055\/perception-quotes-15-683x1024.jpg 683w, https:\/\/d2hu24qj5y9mqn.cloudfront.net\/wp-content\/uploads\/2021\/06\/31154055\/perception-quotes-15-768x1152.jpg 768w, https:\/\/d2hu24qj5y9mqn.cloudfront.net\/wp-content\/uploads\/2021\/06\/31154055\/perception-quotes-15-8x12.jpg 8w\" sizes=\"(max-width: 1000px) 100vw, 1000px\" \/><\/figure><\/div>\n\n\n<blockquote class=\"wp-block-quote is-layout-flow wp-block-quote-is-layout-flow\">\n<p><em>En la percepci\u00f3n visual, un color casi nunca se ve tal como es realmente, tal como es f\u00edsicamente. Este hecho hace que el color sea el medio m\u00e1s relativo del arte.<\/em><\/p>\n<cite>Josef Albers<\/cite><\/blockquote>\n\n\n\n<blockquote class=\"wp-block-quote is-layout-flow wp-block-quote-is-layout-flow\">\n<p><em>Una obra de arte no existe fuera de la percepci\u00f3n del p\u00fablico.<\/em><\/p>\n<cite>Abbas Kiarostami<\/cite><\/blockquote>\n\n\n\n<blockquote class=\"wp-block-quote is-layout-flow wp-block-quote-is-layout-flow\">\n<p><em>Cada belleza que aqu\u00ed ven las personas con percepci\u00f3n se parece m\u00e1s que a cualquier otra cosa a esa fuente celestial de la que todos venimos.<\/em><\/p>\n<cite>Michelangelo<\/cite><\/blockquote>\n\n\n<div class=\"wp-block-image\">\n<figure class=\"aligncenter size-large is-resized\"><img loading=\"lazy\" decoding=\"async\" width=\"1000\" height=\"1500\" src=\"https:\/\/d2hu24qj5y9mqn.cloudfront.net\/wp-content\/uploads\/2021\/06\/31154111\/perception-quotes-16.jpg\" alt=\"frases-sobre-percepcion 16\" class=\"wp-image-8782\" style=\"width:390px;height:585px\" title=\"frases-sobre-percepcion 16\" srcset=\"https:\/\/d2hu24qj5y9mqn.cloudfront.net\/wp-content\/uploads\/2021\/06\/31154111\/perception-quotes-16.jpg 1000w, https:\/\/d2hu24qj5y9mqn.cloudfront.net\/wp-content\/uploads\/2021\/06\/31154111\/perception-quotes-16-600x900.jpg 600w, https:\/\/d2hu24qj5y9mqn.cloudfront.net\/wp-content\/uploads\/2021\/06\/31154111\/perception-quotes-16-200x300.jpg 200w, https:\/\/d2hu24qj5y9mqn.cloudfront.net\/wp-content\/uploads\/2021\/06\/31154111\/perception-quotes-16-683x1024.jpg 683w, https:\/\/d2hu24qj5y9mqn.cloudfront.net\/wp-content\/uploads\/2021\/06\/31154111\/perception-quotes-16-768x1152.jpg 768w, https:\/\/d2hu24qj5y9mqn.cloudfront.net\/wp-content\/uploads\/2021\/06\/31154111\/perception-quotes-16-8x12.jpg 8w\" sizes=\"(max-width: 1000px) 100vw, 1000px\" \/><\/figure><\/div>\n\n\n<h2 id=\"a-final-word\" class=\"wp-block-heading\">Una palabra final<\/h2>\n\n\n\n<p><a href=\"https:\/\/www.psychologytoday.com\/us\/blog\/finding-purpose\/202008\/how-do-we-know-what-is-real\" target=\"_blank\" rel=\"noreferrer noopener nofollow\">percepciones<\/a> lo son todo, y las frases que hemos compartido deber\u00edan ayudarlo a ver el mundo un poco diferente. Esperamos que estas palabras inspiradoras lo motiven a mirar la vida a trav\u00e9s de una nueva mente, apreciar la belleza en los momentos cotidianos y encontrar alegr\u00eda en las cosas m\u00e1s simples. <\/p>\n\n\n\n<p>\u00bfCu\u00e1l es tu favorita frase sobre la percepci\u00f3n? D\u00e9janos un comentario a continuaci\u00f3n: \u00a1nos encantar\u00eda saber qu\u00e9 resuena contigo!<\/p>\n\n\n\n<p>Si le gust\u00f3 esto, tambi\u00e9n puede disfrutar de estas colecciones de frases relacionadas:<\/p>\n\n\n\n<ul class=\"wp-block-list\">\n<li><a href=\"https:\/\/www.flaneurlife.com\/es\/frases-mente-subconsciente\/\" target=\"_blank\" rel=\"noreferrer noopener\">Frases mente subconsciente<\/a><\/li>\n\n\n\n<li><a href=\"https:\/\/www.flaneurlife.com\/es\/frases-condicionamiento-social\/\" target=\"_blank\" rel=\"noreferrer noopener\">Frases condicionamiento social<\/a><\/li>\n\n\n\n<li><a href=\"https:\/\/www.flaneurlife.com\/es\/frases-sobre-soledad\/\" target=\"_blank\" rel=\"noreferrer noopener\">Frases sobre soledad<\/a><\/li>\n\n\n\n<li><a href=\"https:\/\/www.flaneurlife.com\/es\/frases-obstaculos-de-la-vida\/\" target=\"_blank\" rel=\"noreferrer noopener\">Frases obst\u00e1culos de la vida<\/a><\/li>\n\n\n\n<li><a href=\"https:\/\/www.flaneurlife.com\/es\/frases-sobre-encontrarte-a-ti-mismo\/\" target=\"_blank\" rel=\"noreferrer noopener\">Frases de gustarte a ti mismo<\/a><\/li>\n<\/ul>\n\n\n\n<p>Publicado originalmente: 17 de noviembre de 2020<\/p>","protected":false},"excerpt":{"rendered":"<p>We all see the world in different ways. Sometimes our view of the world is tinted by our own biases or fears, while other times it&#8217;s influenced by the people and things around us. No matter what shapes our perception, though, it&#8217;s always fascinating to explore how others see the world. In this collection of [&hellip;]<\/p>\n","protected":false},"author":34,"featured_media":8082,"comment_status":"open","ping_status":"open","sticky":false,"template":"","format":"standard","meta":{"_lmt_disableupdate":"no","_lmt_disable":"","ocean_post_layout":"","ocean_both_sidebars_style":"","ocean_both_sidebars_content_width":0,"ocean_both_sidebars_sidebars_width":0,"ocean_sidebar":"0","ocean_second_sidebar":"0","ocean_disable_margins":"enable","ocean_add_body_class":"","ocean_shortcode_before_top_bar":"","ocean_shortcode_after_top_bar":"","ocean_shortcode_before_header":"","ocean_shortcode_after_header":"","ocean_has_shortcode":"","ocean_shortcode_after_title":"","ocean_shortcode_before_footer_widgets":"","ocean_shortcode_after_footer_widgets":"","ocean_shortcode_before_footer_bottom":"","ocean_shortcode_after_footer_bottom":"","ocean_display_top_bar":"default","ocean_display_header":"default","ocean_header_style":"","ocean_center_header_left_menu":"0","ocean_custom_header_template":"0","ocean_custom_logo":0,"ocean_custom_retina_logo":0,"ocean_custom_logo_max_width":0,"ocean_custom_logo_tablet_max_width":0,"ocean_custom_logo_mobile_max_width":0,"ocean_custom_logo_max_height":0,"ocean_custom_logo_tablet_max_height":0,"ocean_custom_logo_mobile_max_height":0,"ocean_header_custom_menu":"0","ocean_menu_typo_font_family":"0","ocean_menu_typo_font_subset":"","ocean_menu_typo_font_size":0,"ocean_menu_typo_font_size_tablet":0,"ocean_menu_typo_font_size_mobile":0,"ocean_menu_typo_font_size_unit":"px","ocean_menu_typo_font_weight":"","ocean_menu_typo_font_weight_tablet":"","ocean_menu_typo_font_weight_mobile":"","ocean_menu_typo_transform":"","ocean_menu_typo_transform_tablet":"","ocean_menu_typo_transform_mobile":"","ocean_menu_typo_line_height":0,"ocean_menu_typo_line_height_tablet":0,"ocean_menu_typo_line_height_mobile":0,"ocean_menu_typo_line_height_unit":"","ocean_menu_typo_spacing":0,"ocean_menu_typo_spacing_tablet":0,"ocean_menu_typo_spacing_mobile":0,"ocean_menu_typo_spacing_unit":"","ocean_menu_link_color":"","ocean_menu_link_color_hover":"","ocean_menu_link_color_active":"","ocean_menu_link_background":"","ocean_menu_link_hover_background":"","ocean_menu_link_active_background":"","ocean_menu_social_links_bg":"","ocean_menu_social_hover_links_bg":"","ocean_menu_social_links_color":"","ocean_menu_social_hover_links_color":"","ocean_disable_title":"default","ocean_disable_heading":"default","ocean_post_title":"","ocean_post_subheading":"","ocean_post_title_style":"","ocean_post_title_background_color":"","ocean_post_title_background":0,"ocean_post_title_bg_image_position":"","ocean_post_title_bg_image_attachment":"","ocean_post_title_bg_image_repeat":"","ocean_post_title_bg_image_size":"","ocean_post_title_height":0,"ocean_post_title_bg_overlay":0.5,"ocean_post_title_bg_overlay_color":"","ocean_disable_breadcrumbs":"default","ocean_breadcrumbs_color":"","ocean_breadcrumbs_separator_color":"","ocean_breadcrumbs_links_color":"","ocean_breadcrumbs_links_hover_color":"","ocean_display_footer_widgets":"default","ocean_display_footer_bottom":"default","ocean_custom_footer_template":"0","_jetpack_memberships_contains_paid_content":false,"ocean_post_oembed":"","ocean_post_self_hosted_media":"","ocean_post_video_embed":"","ocean_link_format":"","ocean_link_format_target":"self","ocean_quote_format":"","ocean_quote_format_link":"post","ocean_gallery_link_images":"off","ocean_gallery_id":[],"footnotes":""},"categories":[61,57],"tags":[],"class_list":["post-8080","post","type-post","status-publish","format-standard","has-post-thumbnail","hentry","category-mind-expansion","category-killer-quotes","entry","has-media"],"featured_image_src":"https:\/\/d2hu24qj5y9mqn.cloudfront.net\/wp-content\/uploads\/2020\/11\/18132852\/perception-quotes.jpg","author_info":{"display_name":"Fl\u00e2neur Life Team","author_link":"https:\/\/www.flaneurlife.com\/es\/author\/theflaneurlife\/"},"modified_by":"Blake Miner","jetpack_featured_media_url":"https:\/\/d2hu24qj5y9mqn.cloudfront.net\/wp-content\/uploads\/2020\/11\/18132852\/perception-quotes.jpg","jetpack_sharing_enabled":true,"_links":{"self":[{"href":"https:\/\/www.flaneurlife.com\/es\/wp-json\/wp\/v2\/posts\/8080","targetHints":{"allow":["GET"]}}],"collection":[{"href":"https:\/\/www.flaneurlife.com\/es\/wp-json\/wp\/v2\/posts"}],"about":[{"href":"https:\/\/www.flaneurlife.com\/es\/wp-json\/wp\/v2\/types\/post"}],"author":[{"embeddable":true,"href":"https:\/\/www.flaneurlife.com\/es\/wp-json\/wp\/v2\/users\/34"}],"replies":[{"embeddable":true,"href":"https:\/\/www.flaneurlife.com\/es\/wp-json\/wp\/v2\/comments?post=8080"}],"version-history":[{"count":34,"href":"https:\/\/www.flaneurlife.com\/es\/wp-json\/wp\/v2\/posts\/8080\/revisions"}],"predecessor-version":[{"id":28381,"href":"https:\/\/www.flaneurlife.com\/es\/wp-json\/wp\/v2\/posts\/8080\/revisions\/28381"}],"wp:featuredmedia":[{"embeddable":true,"href":"https:\/\/www.flaneurlife.com\/es\/wp-json\/wp\/v2\/media\/8082"}],"wp:attachment":[{"href":"https:\/\/www.flaneurlife.com\/es\/wp-json\/wp\/v2\/media?parent=8080"}],"wp:term":[{"taxonomy":"category","embeddable":true,"href":"https:\/\/www.flaneurlife.com\/es\/wp-json\/wp\/v2\/categories?post=8080"},{"taxonomy":"post_tag","embeddable":true,"href":"https:\/\/www.flaneurlife.com\/es\/wp-json\/wp\/v2\/tags?post=8080"}],"curies":[{"name":"wp","href":"https:\/\/api.w.org\/{rel}","templated":true}]}}